{"id":528,"date":"2024-03-21T23:21:49","date_gmt":"2024-03-21T14:21:49","guid":{"rendered":"https:\/\/rhtodpotl.org\/?p=528"},"modified":"2024-03-21T23:21:49","modified_gmt":"2024-03-21T14:21:49","slug":"governu-hamosu-injustisa-sosial-hasoru-ema-ho-defisiensia","status":"publish","type":"post","link":"https:\/\/rhtodpotl.org\/?p=528","title":{"rendered":"Governu hamosu injustisa sosial hasoru ema ho defisi\u00e9nsia"},"content":{"rendered":"<p><img loading=\"lazy\" decoding=\"async\" src=\"http:\/\/rhtodpotl.org\/wp-content\/uploads\/2024\/03\/IMG_3985-scaled.jpg\" alt=\"\" width=\"2560\" height=\"1707\" class=\"alignnone size-full wp-image-535\" srcset=\"https:\/\/rhtodpotl.org\/wp-content\/uploads\/2024\/03\/IMG_3985-scaled.jpg 2560w, https:\/\/rhtodpotl.org\/wp-content\/uploads\/2024\/03\/IMG_3985-300x200.jpg 300w, https:\/\/rhtodpotl.org\/wp-content\/uploads\/2024\/03\/IMG_3985-1024x683.jpg 1024w, https:\/\/rhtodpotl.org\/wp-content\/uploads\/2024\/03\/IMG_3985-768x512.jpg 768w, https:\/\/rhtodpotl.org\/wp-content\/uploads\/2024\/03\/IMG_3985-1536x1024.jpg 1536w, https:\/\/rhtodpotl.org\/wp-content\/uploads\/2024\/03\/IMG_3985-2048x1365.jpg 2048w\" sizes=\"auto, (max-width: 2560px) 100vw, 2560px\" \/><\/p>\n<p><img loading=\"lazy\" decoding=\"async\" src=\"http:\/\/rhtodpotl.org\/wp-content\/uploads\/2024\/03\/IMG_3992-scaled.jpg\" alt=\"\" width=\"2560\" height=\"1707\" class=\"alignnone size-full wp-image-538\" srcset=\"https:\/\/rhtodpotl.org\/wp-content\/uploads\/2024\/03\/IMG_3992-scaled.jpg 2560w, https:\/\/rhtodpotl.org\/wp-content\/uploads\/2024\/03\/IMG_3992-300x200.jpg 300w, https:\/\/rhtodpotl.org\/wp-content\/uploads\/2024\/03\/IMG_3992-1024x683.jpg 1024w, https:\/\/rhtodpotl.org\/wp-content\/uploads\/2024\/03\/IMG_3992-768x512.jpg 768w, https:\/\/rhtodpotl.org\/wp-content\/uploads\/2024\/03\/IMG_3992-1536x1024.jpg 1536w, https:\/\/rhtodpotl.org\/wp-content\/uploads\/2024\/03\/IMG_3992-2048x1365.jpg 2048w\" sizes=\"auto, (max-width: 2560px) 100vw, 2560px\" \/><\/p>\n<p><img loading=\"lazy\" decoding=\"async\" src=\"http:\/\/rhtodpotl.org\/wp-content\/uploads\/2024\/03\/IMG_3994-scaled.jpg\" alt=\"\" width=\"2560\" height=\"1707\" class=\"alignnone size-full wp-image-539\" srcset=\"https:\/\/rhtodpotl.org\/wp-content\/uploads\/2024\/03\/IMG_3994-scaled.jpg 2560w, https:\/\/rhtodpotl.org\/wp-content\/uploads\/2024\/03\/IMG_3994-300x200.jpg 300w, https:\/\/rhtodpotl.org\/wp-content\/uploads\/2024\/03\/IMG_3994-1024x683.jpg 1024w, https:\/\/rhtodpotl.org\/wp-content\/uploads\/2024\/03\/IMG_3994-768x512.jpg 768w, https:\/\/rhtodpotl.org\/wp-content\/uploads\/2024\/03\/IMG_3994-1536x1024.jpg 1536w, https:\/\/rhtodpotl.org\/wp-content\/uploads\/2024\/03\/IMG_3994-2048x1365.jpg 2048w\" sizes=\"auto, (max-width: 2560px) 100vw, 2560px\" \/><\/p>\n<p>D\u00edli\u201421\/03\/20234,Asosiasaun Defisi\u00e9nsia Timor-Leste (ADTL)ho nia membru Organizasaun Defisiensia  iha Timor-Leste lamenta ho desizaun governo nian nebe hapara subsidiu ba ema ho defisi\u00e9nsia no m\u00f3s preokupa ho Dekretu Lei n\u00fameru 8\/2024 kona-b\u00e1 subs\u00eddiu b\u00e1 ferik katuas sira no daudaun ne\u2019e subs\u00ed diu nafatin de\u2019it la muda lia-fuan ida inv\u00e1lidu.<br \/>\n\u201cAmi hato\u2019o ami nia lamentasaun kona-b\u00e1 dekretu ne\u2019e katak MSSI halo tiha alterasaun b\u00e1 lei ida-ne\u2019e maib\u00e9 pelumenus ami nia preokupasaun ne\u2019eb\u00e9 mak anteri\u00f3r ami hato\u2019o iha ne\u2019e mak lia-fuan inv\u00e1lidu ne\u2019e halakon tiha no uza de\u2019it mak liafuan ema ho defisi\u00e9nsia,\u201d. bainhira sira hapara  subs\u00eddiu b\u00e1 maluk sira ho difisi\u00e9nsia ne\u2019eb\u00e9 mak servisu iha organizasaun no servisu iha instituisaun seluk. Sira labele simu ona subs\u00eddiu tanba sira asesu ona b\u00e1 iha seguransa sosi\u00e1l ho razaun katak sira hetan ona vensimentu hosi ne\u2019e. Maib\u00e9 hosi subs\u00eddiu ida-ne\u2019e kolega sira defisi\u00e9nsia bele halo buat barak tanba sira bele b\u00e1 eskola, uza b\u00e1 nesesidade lorloron nian. Tuir loloos subs\u00eddiu ida-ne\u2019e bele akomoda sira hodi hola sira nia ekipamentu defisi\u00e9nsia no ajuda nesesidade adision\u00e1l sira seluk,\u201d<br \/>\nAntes hapara subsidiu ida ne\u2019e  Governu presiza aprosima uluk ho ema ho defisi\u00e9nsia no peskiza uluk mak bele foti desizaun.no hapara subsidiu refere maibe derepenti deit.<br \/>\nTamba ne\u2019e Organizasaun Defisi\u00e9nsia hotu hato\u2019o lamentatasaun hirak nebe hasoru Komisaun A Parlamentu Nasion\u00e1l (PN) ne\u2019eb\u00e9 trata asuntu Lejizlasaun no Justisa no komisaun F ne\u2019eb\u00e9 trata asuntu Sa\u00fade, Seguransa Sosiais no Igualdade J\u00e9neru kona-b\u00e1 subs\u00eddiu ne\u2019eb\u00e9 Minist\u00e9riu Solidadriedade Sosi\u00e1l no Inkluzaun (MSSI) hapara b\u00e1 ema ho difisi\u00e9nsia sira ne\u2019eb\u00e9 hetan ona servisu, lamentasaun ne\u2019e atu  husu de\u2019it razaun tanba saida mak ema ho defisi\u00e9nsia ne\u2019eb\u00e9 servisu ona labele hetan subs\u00eddiu ne\u2019e.<br \/>\n\u201cTuir loloos Governu tenke halo separasaun b\u00e1 seguransa sosi\u00e1l ne\u2019e buat ketak ida, asist\u00e9nsia sosi\u00e1l ne\u2019e buat ketak ida. Agora, laiha separasaun ne\u2019e mak derrepenti ami b\u00e1 simu osan, sira dehan fali imi sira servisu ona ne\u2019e labele hetan favor MSSI labele halo diskriminasaun,bainhira halo konsultasaun m\u00f3s bele halo esklaresimentu katak ema ida funsion\u00e1riu nia sal\u00e1riu $500 b\u00e1 leten bele konsidera katak nia labele simu no sira ne\u2019eb\u00e9 sal\u00e1riu $500 mai karaik ne\u2019e bele simu, maib\u00e9 laiha konsultasaun no Governu hapara derrepenti de\u2019it.<br \/>\n\u201cSubs\u00eddiu ne\u2019eb\u00e9 Governu f\u00f3 b\u00e1 ema ho defisi\u00e9nsia kada fulan $60. S\u00e9 ita kompara ho subs\u00eddiu membru Governu no membru Parlamentu Nasion\u00e1l sira ne\u2019eb\u00e9 mak hetan subs\u00eddiu b\u00e1 pulsa, transporte, sa\u00fade ne\u2019e ita kompara b\u00e1 fulan ida $60 ne\u2019e sira liu tiha ida-ne\u2019e. S\u00e9 hakarak hapara subs\u00eddiu tenki hapara hanesan labele halo diskriminasaun,tamba lei garante  ema ho defisiensia mos iha direitu hanesan sidadaun sira seluk.\u201dhahteten portavoz Organizasaun Defisi\u00e9nsia iha Timor-Leste\u201d<\/p>\n","protected":false},"excerpt":{"rendered":"<p>D\u00edli\u201421\/03\/20234,Asosiasaun Defisi\u00e9nsia Timor-Leste (ADTL)ho nia membru Organizasaun Defisiensia iha Timor-Leste lamenta ho desizaun governo nian nebe hapara subsidiu ba ema ho defisi\u00e9nsia no m\u00f3s preokupa ho Dekretu Lei n\u00fameru 8\/2024 kona-b\u00e1 subs\u00eddiu b\u00e1 ferik katuas sira no daudaun ne\u2019e subs\u00ed diu nafatin de\u2019it la muda lia-fuan ida inv\u00e1lidu. \u201cAmi hato\u2019o ami nia lamentasaun kona-b\u00e1 dekretu ne\u2019e katak MSSI halo tiha<\/p>\n","protected":false},"author":3,"featured_media":0,"comment_status":"closed","ping_status":"open","sticky":false,"template":"","format":"standard","meta":{"footnotes":""},"categories":[6],"tags":[],"class_list":["post-528","post","type-post","status-publish","format-standard","hentry","category-noticia"],"_links":{"self":[{"href":"https:\/\/rhtodpotl.org\/index.php?rest_route=\/wp\/v2\/posts\/528","targetHints":{"allow":["GET"]}}],"collection":[{"href":"https:\/\/rhtodpotl.org\/index.php?rest_route=\/wp\/v2\/posts"}],"about":[{"href":"https:\/\/rhtodpotl.org\/index.php?rest_route=\/wp\/v2\/types\/post"}],"author":[{"embeddable":true,"href":"https:\/\/rhtodpotl.org\/index.php?rest_route=\/wp\/v2\/users\/3"}],"replies":[{"embeddable":true,"href":"https:\/\/rhtodpotl.org\/index.php?rest_route=%2Fwp%2Fv2%2Fcomments&post=528"}],"version-history":[{"count":10,"href":"https:\/\/rhtodpotl.org\/index.php?rest_route=\/wp\/v2\/posts\/528\/revisions"}],"predecessor-version":[{"id":549,"href":"https:\/\/rhtodpotl.org\/index.php?rest_route=\/wp\/v2\/posts\/528\/revisions\/549"}],"wp:attachment":[{"href":"https:\/\/rhtodpotl.org\/index.php?rest_route=%2Fwp%2Fv2%2Fmedia&parent=528"}],"wp:term":[{"taxonomy":"category","embeddable":true,"href":"https:\/\/rhtodpotl.org\/index.php?rest_route=%2Fwp%2Fv2%2Fcategories&post=528"},{"taxonomy":"post_tag","embeddable":true,"href":"https:\/\/rhtodpotl.org\/index.php?rest_route=%2Fwp%2Fv2%2Ftags&post=528"}],"curies":[{"name":"wp","href":"https:\/\/api.w.org\/{rel}","templated":true}]}}